{"id":6409,"date":"2026-09-03T08:00:43","date_gmt":"2026-09-03T11:00:43","guid":{"rendered":"https:\/\/aureadermatologia.com.br\/home\/?p=6409"},"modified":"2026-08-14T10:10:55","modified_gmt":"2026-08-14T13:10:55","slug":"terapia-regenerativa","status":"publish","type":"post","link":"https:\/\/aureadermatologia.com.br\/home\/blog\/terapia-regenerativa\/","title":{"rendered":"Terapia regenerativa: conhe\u00e7a o tratamento e seus benef\u00edcios"},"content":{"rendered":"<div id=\"attachment_6411\" style=\"width: 838px\" class=\"wp-caption alignnone\"><img fetchpriority=\"high\" decoding=\"async\" aria-describedby=\"caption-attachment-6411\" class=\" wp-image-6411\" src=\"https:\/\/aureadermatologia.com.br\/home\/wp-content\/uploads\/2026\/08\/image1-4-300x199.jpg\" alt=\"Terapia regenerativa: conhe\u00e7a o tratamento e seus benef\u00edcios\" width=\"828\" height=\"549\" srcset=\"https:\/\/aureadermatologia.com.br\/home\/wp-content\/uploads\/2026\/08\/image1-4-300x199.jpg 300w, https:\/\/aureadermatologia.com.br\/home\/wp-content\/uploads\/2026\/08\/image1-4-1024x680.jpg 1024w, https:\/\/aureadermatologia.com.br\/home\/wp-content\/uploads\/2026\/08\/image1-4-768x510.jpg 768w, https:\/\/aureadermatologia.com.br\/home\/wp-content\/uploads\/2026\/08\/image1-4-1536x1020.jpg 1536w, https:\/\/aureadermatologia.com.br\/home\/wp-content\/uploads\/2026\/08\/image1-4-600x398.jpg 600w, https:\/\/aureadermatologia.com.br\/home\/wp-content\/uploads\/2026\/08\/image1-4.jpg 1999w\" sizes=\"(max-width: 828px) 100vw, 828px\" \/><p id=\"caption-attachment-6411\" class=\"wp-caption-text\">Fonte: Freepik<\/p><\/div>\n<p><span style=\"font-weight: 400;\">A terapia regenerativa \u00e9 uma abordagem da dermatologia que estimula os mecanismos naturais de repara\u00e7\u00e3o da pele, favorecendo a produ\u00e7\u00e3o de <\/span><a href=\"https:\/\/aureadermatologia.com.br\/home\/blog\/o-que-e-um-banco-de-colageno\/\" target=\"_blank\" rel=\"noopener\"><span style=\"font-weight: 400;\">col\u00e1geno<\/span><\/a><span style=\"font-weight: 400;\">, elastina e a renova\u00e7\u00e3o celular. Indicada para quem busca um rejuvenescimento gradual e natural, ela ajuda a melhorar a firmeza, a textura, a luminosidade e a qualidade da pele, sempre respeitando a individualidade de cada paciente.<\/span><\/p>\n<h2><\/h2>\n<h2><span style=\"font-weight: 400;\">O que \u00e9 a terapia regenerativa?<\/span><\/h2>\n<p><span style=\"font-weight: 400;\">O papel da terapia regenerativa \u00e9, segundo a <\/span><a href=\"https:\/\/www.youtube.com\/watch?v=9B61H8JwwjU\" target=\"_blank\" rel=\"noopener\"><span style=\"font-weight: 400;\">Dra. Fab\u00edola Viterbo<\/span><\/a><span style=\"font-weight: 400;\">, \u201cte ajudar a envelhecer bem e prevenir para evitar que o problema chegue ao inv\u00e9s de trat\u00e1-lo posteriormente\u201d.\u00a0<\/span><\/p>\n<p><span style=\"font-weight: 400;\">Em vez de promover mudan\u00e7as artificiais na apar\u00eancia, ela busca fortalecer a capacidade do organismo de produzir estruturas essenciais para uma pele saud\u00e1vel, como col\u00e1geno e elastina.<\/span><\/p>\n<p><span style=\"font-weight: 400;\">Essas prote\u00ednas s\u00e3o respons\u00e1veis por manter a firmeza, a elasticidade e a sustenta\u00e7\u00e3o da pele. Com o <\/span><a href=\"https:\/\/aureadermatologia.com.br\/home\/blog\/gestao-do-envelhecimento-para-homens-como-funciona\/\" target=\"_blank\" rel=\"noopener\"><span style=\"font-weight: 400;\">envelhecimento<\/span><\/a><span style=\"font-weight: 400;\">, sua produ\u00e7\u00e3o diminui naturalmente, favorecendo o surgimento de rugas, flacidez, perda de vi\u00e7o e altera\u00e7\u00f5es na textura.<\/span><\/p>\n<p><span style=\"font-weight: 400;\">Por meio de tecnologias e ativos espec\u00edficos, a terapia regenerativa estimula esses mecanismos biol\u00f3gicos, proporcionando resultados progressivos e naturais.<\/span><\/p>\n<p>&nbsp;<\/p>\n<h2><span style=\"font-weight: 400;\">Para quem a terapia regenerativa \u00e9 indicada?<\/span><\/h2>\n<p><span style=\"font-weight: 400;\">A terapia regenerativa pode beneficiar diferentes perfis de pacientes, sempre ap\u00f3s avalia\u00e7\u00e3o dermatol\u00f3gica individualizada. Entre as principais indica\u00e7\u00f5es est\u00e3o:<\/span><\/p>\n<ul>\n<li style=\"font-weight: 400;\" aria-level=\"1\"><span style=\"font-weight: 400;\">Pessoas com sinais iniciais ou avan\u00e7ados de envelhecimento cut\u00e2neo.<\/span><\/li>\n<li style=\"font-weight: 400;\" aria-level=\"1\"><span style=\"font-weight: 400;\">Pacientes com perda de firmeza e elasticidade da pele.<\/span><\/li>\n<li style=\"font-weight: 400;\" aria-level=\"1\"><span style=\"font-weight: 400;\">Quem apresenta <\/span><a href=\"https:\/\/aureadermatologia.com.br\/home\/blog\/cicatrizes-de-acne-descubra-os-principais-tipos-e-como-trata-las\/\" target=\"_blank\" rel=\"noopener\"><span style=\"font-weight: 400;\">cicatrizes<\/span><\/a><span style=\"font-weight: 400;\">, manchas ou textura irregular.<\/span><\/li>\n<li style=\"font-weight: 400;\" aria-level=\"1\"><span style=\"font-weight: 400;\">Pessoas que desejam resultados naturais e progressivos.<\/span><\/li>\n<li style=\"font-weight: 400;\" aria-level=\"1\"><span style=\"font-weight: 400;\">Pacientes que buscam prevenir a flacidez e preservar a qualidade da pele ao longo dos anos.<\/span><\/li>\n<li style=\"font-weight: 400;\" aria-level=\"1\"><span style=\"font-weight: 400;\">Quem deseja potencializar a recupera\u00e7\u00e3o da pele ap\u00f3s procedimentos dermatol\u00f3gicos.<\/span><\/li>\n<\/ul>\n<p><span style=\"font-weight: 400;\">A indica\u00e7\u00e3o do protocolo depende da idade, das caracter\u00edsticas da pele, do estilo de vida e dos objetivos de cada paciente.<\/span><\/p>\n<p>&nbsp;<\/p>\n<h2><span style=\"font-weight: 400;\">Principais benef\u00edcios da terapia regenerativa<\/span><\/h2>\n<p><span style=\"font-weight: 400;\">A terapia regenerativa oferece benef\u00edcios que v\u00e3o al\u00e9m da melhora est\u00e9tica imediata. Seu foco \u00e9 fortalecer a estrutura da pele para proporcionar resultados consistentes ao longo do tempo.\u00a0<\/span><\/p>\n<p><span style=\"font-weight: 400;\">Entre os principais benef\u00edcios est\u00e3o:<\/span><\/p>\n<ul>\n<li style=\"font-weight: 400;\" aria-level=\"1\"><span style=\"font-weight: 400;\">Est\u00edmulo da produ\u00e7\u00e3o natural de <\/span><a href=\"https:\/\/aureadermatologia.com.br\/home\/blog\/o-que-e-um-banco-de-colageno\/\" target=\"_blank\" rel=\"noopener\"><span style=\"font-weight: 400;\">col\u00e1geno<\/span><\/a><span style=\"font-weight: 400;\"> e elastina;<\/span><\/li>\n<li style=\"font-weight: 400;\" aria-level=\"1\"><span style=\"font-weight: 400;\">Melhora da firmeza e do contorno facial;<\/span><\/li>\n<li style=\"font-weight: 400;\" aria-level=\"1\"><span style=\"font-weight: 400;\">Suaviza\u00e7\u00e3o de linhas finas e rugas;<\/span><\/li>\n<li style=\"font-weight: 400;\" aria-level=\"1\"><span style=\"font-weight: 400;\">Melhora da textura e da qualidade da pele;<\/span><\/li>\n<li style=\"font-weight: 400;\" aria-level=\"1\"><span style=\"font-weight: 400;\">Aumento da luminosidade e do vi\u00e7o;<\/span><\/li>\n<li style=\"font-weight: 400;\" aria-level=\"1\"><span style=\"font-weight: 400;\">Fortalecimento da barreira cut\u00e2nea;<\/span><\/li>\n<li style=\"font-weight: 400;\" aria-level=\"1\"><span style=\"font-weight: 400;\">Recupera\u00e7\u00e3o mais eficiente ap\u00f3s alguns procedimentos dermatol\u00f3gicos;<\/span><\/li>\n<li style=\"font-weight: 400;\" aria-level=\"1\"><span style=\"font-weight: 400;\">Resultados naturais, progressivos e personalizados.<\/span><\/li>\n<\/ul>\n<p><span style=\"font-weight: 400;\">Como o organismo precisa de tempo para produzir novas fibras de col\u00e1geno, os resultados costumam aparecer gradualmente nas semanas e meses seguintes ao tratamento.<\/span><\/p>\n<p>&nbsp;<\/p>\n<h2><span style=\"font-weight: 400;\">Principais tipos de protocolos para terapia regenerativa<\/span><\/h2>\n<p><span style=\"font-weight: 400;\">A terapia regenerativa re\u00fane diferentes tecnologias e tratamentos que podem ser utilizados isoladamente ou em combina\u00e7\u00e3o.<\/span><\/p>\n<h3><span style=\"font-weight: 400;\">Bioestimuladores de col\u00e1geno<\/span><\/h3>\n<p><span style=\"font-weight: 400;\">Os <\/span><a href=\"https:\/\/aureadermatologia.com.br\/home\/blog\/revolucao-estetica-bioestimuladores-de-colageno-sao-aliados-no-rejuvenescimento-da-pele\/\" target=\"_blank\" rel=\"noopener\"><span style=\"font-weight: 400;\">bioestimuladores<\/span><\/a><span style=\"font-weight: 400;\"> s\u00e3o subst\u00e2ncias injet\u00e1veis que estimulam o organismo a produzir novas fibras de col\u00e1geno.<\/span><\/p>\n<p><span style=\"font-weight: 400;\">S\u00e3o indicados principalmente para tratar a flacidez, melhorar a firmeza da pele e preservar os contornos faciais e corporais, com resultados que evoluem progressivamente.<\/span><\/p>\n<h3><span style=\"font-weight: 400;\">Microagulhamento com drug delivery<\/span><\/h3>\n<p><span style=\"font-weight: 400;\">O microagulhamento cria microcanais na pele que estimulam a regenera\u00e7\u00e3o natural e facilitam a permea\u00e7\u00e3o de ativos espec\u00edficos (drug delivery).<\/span><\/p>\n<p><span style=\"font-weight: 400;\">Dependendo da necessidade do paciente, essa associa\u00e7\u00e3o pode contribuir para melhorar textura, cicatrizes, poros aparentes, manchas e qualidade geral da pele.<\/span><\/p>\n<h3><span style=\"font-weight: 400;\">Fios de PDO<\/span><\/h3>\n<p><span style=\"font-weight: 400;\">Os <\/span><a href=\"https:\/\/aureadermatologia.com.br\/home\/blog\/fios-de-pdo-conheca-a-tecnica-de-rejuvenescimento-queridinha-das-famosas\/\" target=\"_blank\" rel=\"noopener\"><span style=\"font-weight: 400;\">fios de PDO<\/span><\/a><span style=\"font-weight: 400;\"> promovem um duplo efeito: sustenta\u00e7\u00e3o dos tecidos e est\u00edmulo da produ\u00e7\u00e3o de col\u00e1geno.<\/span><\/p>\n<p><span style=\"font-weight: 400;\">Existem diferentes tipos de fios, indicados conforme a necessidade de cada paciente, podendo atuar na melhora da flacidez, defini\u00e7\u00e3o do contorno facial e qualidade da pele.<\/span><\/p>\n<h3><span style=\"font-weight: 400;\">Ultrassom microfocado<\/span><\/h3>\n<p><span style=\"font-weight: 400;\">Tecnologias de ultrassom microfocado, como o <\/span><a href=\"https:\/\/aureadermatologia.com.br\/home\/blog\/liftera-2-novo-ultrassom-microfocado\/\"><span style=\"font-weight: 400;\">Liftera 2<\/span><\/a><span style=\"font-weight: 400;\">, atuam em camadas profundas da pele sem necessidade de cirurgia.<\/span><\/p>\n<p><span style=\"font-weight: 400;\">O calor gerado estimula intensamente a produ\u00e7\u00e3o de col\u00e1geno, promovendo melhora da firmeza, redefini\u00e7\u00e3o do contorno facial e efeito lifting progressivo.<\/span><\/p>\n<h3><span style=\"font-weight: 400;\">Exossomos<\/span><\/h3>\n<p><span style=\"font-weight: 400;\">Os exossomos s\u00e3o estruturas microsc\u00f3picas que participam da comunica\u00e7\u00e3o entre as c\u00e9lulas.<\/span><\/p>\n<p><span style=\"font-weight: 400;\">Na dermatologia, s\u00e3o utilizados em protocolos voltados para estimular a regenera\u00e7\u00e3o cut\u00e2nea, melhorar a textura, aumentar a luminosidade da pele e potencializar a recupera\u00e7\u00e3o ap\u00f3s procedimentos.<\/span><\/p>\n<h3><span style=\"font-weight: 400;\">PDRN<\/span><\/h3>\n<p><span style=\"font-weight: 400;\">O PDRN (Polidesoxirribonucleot\u00eddeo) \u00e9 um ativo utilizado na dermatologia regenerativa por estimular mecanismos naturais de repara\u00e7\u00e3o celular.<\/span><\/p>\n<p><span style=\"font-weight: 400;\">Ele contribui para melhorar a hidrata\u00e7\u00e3o, favorecer a regenera\u00e7\u00e3o da pele, estimular col\u00e1geno e elastina e acelerar a recupera\u00e7\u00e3o ap\u00f3s tratamentos dermatol\u00f3gicos.<\/span><\/p>\n<p>&nbsp;<\/p>\n<h2><span style=\"font-weight: 400;\">Quais resultados podem ser esperados?<\/span><\/h2>\n<p><span style=\"font-weight: 400;\">Os resultados da terapia regenerativa variam de acordo com o protocolo utilizado e com as caracter\u00edsticas individuais de cada paciente. Em geral, \u00e9 poss\u00edvel observar:<\/span><\/p>\n<ul>\n<li style=\"font-weight: 400;\" aria-level=\"1\"><span style=\"font-weight: 400;\">Melhora gradual da firmeza da pele;<\/span><\/li>\n<li style=\"font-weight: 400;\" aria-level=\"1\"><span style=\"font-weight: 400;\">Aumento da luminosidade e da hidrata\u00e7\u00e3o;<\/span><\/li>\n<li style=\"font-weight: 400;\" aria-level=\"1\"><span style=\"font-weight: 400;\">Textura mais uniforme;<\/span><\/li>\n<li style=\"font-weight: 400;\" aria-level=\"1\"><span style=\"font-weight: 400;\">Suaviza\u00e7\u00e3o de linhas finas;<\/span><\/li>\n<li style=\"font-weight: 400;\" aria-level=\"1\"><span style=\"font-weight: 400;\">Redu\u00e7\u00e3o da flacidez;<\/span><\/li>\n<li style=\"font-weight: 400;\" aria-level=\"1\"><span style=\"font-weight: 400;\">Melhora da qualidade global da pele.<\/span><\/li>\n<\/ul>\n<p><span style=\"font-weight: 400;\">Como o tratamento estimula processos biol\u00f3gicos naturais, os efeitos aparecem de forma progressiva, preservando a naturalidade e respeitando as caracter\u00edsticas de cada rosto.<\/span><\/p>\n<p>&nbsp;<\/p>\n<h2><span style=\"font-weight: 400;\">Onde realizar terapia regenerativa em Salvador\/BA?<\/span><\/h2>\n<p><span style=\"font-weight: 400;\">A escolha da cl\u00ednica \u00e9 um dos fatores mais importantes para o sucesso da terapia regenerativa.<\/span><\/p>\n<p><span style=\"font-weight: 400;\">Na <\/span><a href=\"https:\/\/aureadermatologia.com.br\/home\/blog\/como-escolher-um-dermatologista-em-salvador\/\" target=\"_blank\" rel=\"noopener\"><span style=\"font-weight: 400;\">\u00c1urea Dermatologia Integrada<\/span><\/a><span style=\"font-weight: 400;\">, cada paciente passa por uma avalia\u00e7\u00e3o m\u00e9dica completa, que considera n\u00e3o apenas as queixas est\u00e9ticas, mas tamb\u00e9m a qualidade da pele, o hist\u00f3rico cl\u00ednico, o estilo de vida e os objetivos individuais.<\/span><\/p>\n<p><span style=\"font-weight: 400;\">Com uma abordagem baseada na dermatologia integrada, a cl\u00ednica combina tecnologias de \u00faltima gera\u00e7\u00e3o e protocolos personalizados para promover resultados naturais, seguros e duradouros.<\/span><\/p>\n<p><span style=\"font-weight: 400;\">Mais do que indicar um procedimento, o objetivo \u00e9 construir um plano de cuidados capaz de preservar a sa\u00fade da pele ao longo do tempo.<\/span><\/p>\n<p>&nbsp;<\/p>\n<h2><span style=\"font-weight: 400;\">Conclus\u00e3o<\/span><\/h2>\n<p><span style=\"font-weight: 400;\">A terapia regenerativa representa uma nova forma de cuidar da pele: em vez de apenas corrigir os sinais do envelhecimento, ela estimula a capacidade natural de regenera\u00e7\u00e3o do pr\u00f3prio organismo.<\/span><\/p>\n<p><span style=\"font-weight: 400;\">Por meio de protocolos personalizados, \u00e9 poss\u00edvel melhorar a firmeza, a textura, a luminosidade e a qualidade da pele de forma progressiva e natural.<\/span><\/p>\n<p><span style=\"font-weight: 400;\">Se voc\u00ea deseja investir em um tratamento que respeite sua individualidade e contribua para um envelhecimento mais saud\u00e1vel, <\/span><a href=\"https:\/\/api.whatsapp.com\/send\/?phone=557140420004&amp;text=Ol%C3%A1%2C+tudo+bem%3F+Entrei+pelo+site+e+gostaria+de+mais+informa%C3%A7%C3%B5es.&amp;type=phone_number&amp;app_absent=0\" target=\"_blank\" rel=\"noopener\"><span style=\"font-weight: 400;\">agende uma avalia\u00e7\u00e3o na \u00c1urea Dermatologia Integrada<\/span><\/a><span style=\"font-weight: 400;\">.<\/span><\/p>\n<p>&nbsp;<\/p>\n<h2><span style=\"font-weight: 400;\">Perguntas frequentes<\/span><\/h2>\n<h3><span style=\"font-weight: 400;\">O que \u00e9 terapia regenerativa da pele?<\/span><\/h3>\n<p><span style=\"font-weight: 400;\">A terapia regenerativa da pele \u00e9 uma abordagem dermatol\u00f3gica que utiliza tecnologias e ativos capazes de estimular os mecanismos naturais de regenera\u00e7\u00e3o do organismo.\u00a0<\/span><\/p>\n","protected":false},"excerpt":{"rendered":"<p>A terapia regenerativa \u00e9 uma abordagem da dermatologia que estimula os mecanismos naturais de repara\u00e7\u00e3o da pele, favorecendo a produ\u00e7\u00e3o de col\u00e1geno, elastina e a renova\u00e7\u00e3o celular. Indicada para quem busca um rejuvenescimento gradual e natural, ela ajuda a melhorar a firmeza, a textura, a luminosidade e a qualidade da pele, sempre respeitando a individualidade [&hellip;]<\/p>\n","protected":false},"author":11,"featured_media":6410,"comment_status":"open","ping_status":"closed","sticky":false,"template":"","format":"standard","meta":{"_acf_changed":false,"footnotes":""},"categories":[16],"tags":[],"class_list":["post-6409","post","type-post","status-publish","format-standard","has-post-thumbnail","hentry","category-beauty"],"acf":[],"yoast_head":"<!-- This site is optimized with the Yoast SEO plugin v22.7 - https:\/\/yoast.com\/wordpress\/plugins\/seo\/ -->\n<title>Terapia regenerativa: conhe\u00e7a o tratamento e seus benef\u00edcios<\/title>\n<meta name=\"description\" content=\"A terapia regenerativa estimula a produ\u00e7\u00e3o de col\u00e1geno, elastina e a renova\u00e7\u00e3o celular.\" \/>\n<meta name=\"robots\" content=\"index, follow, max-snippet:-1, max-image-preview:large, max-video-preview:-1\" \/>\n<link rel=\"canonical\" href=\"https:\/\/aureadermatologia.com.br\/home\/blog\/terapia-regenerativa\/\" \/>\n<meta property=\"og:locale\" content=\"pt_BR\" \/>\n<meta property=\"og:type\" content=\"article\" \/>\n<meta property=\"og:title\" content=\"Terapia regenerativa: conhe\u00e7a o tratamento e seus benef\u00edcios\" \/>\n<meta property=\"og:description\" content=\"A terapia regenerativa estimula a produ\u00e7\u00e3o de col\u00e1geno, elastina e a renova\u00e7\u00e3o celular.\" \/>\n<meta property=\"og:url\" content=\"https:\/\/aureadermatologia.com.br\/home\/blog\/terapia-regenerativa\/\" \/>\n<meta property=\"og:site_name\" content=\"Aurea Dermatologia Integrada\" \/>\n<meta property=\"article:publisher\" content=\"https:\/\/www.facebook.com\/aurea.dermatologia\/\" \/>\n<meta property=\"article:published_time\" content=\"2026-09-03T11:00:43+00:00\" \/>\n<meta property=\"article:modified_time\" content=\"2026-08-14T13:10:55+00:00\" \/>\n<meta property=\"og:image\" content=\"https:\/\/aureadermatologia.com.br\/home\/wp-content\/uploads\/2026\/08\/AUREA-HEADER-BLOG-Texto-3-Conheca-tudo-sobre-terapia-regenerativa-2.png\" \/>\n\t<meta property=\"og:image:width\" content=\"1920\" \/>\n\t<meta property=\"og:image:height\" content=\"712\" \/>\n\t<meta property=\"og:image:type\" content=\"image\/png\" \/>\n<meta name=\"author\" content=\"Mauricio\" \/>\n<meta name=\"twitter:card\" content=\"summary_large_image\" \/>\n<meta name=\"twitter:label1\" content=\"Escrito por\" \/>\n\t<meta name=\"twitter:data1\" content=\"Mauricio\" \/>\n\t<meta name=\"twitter:label2\" content=\"Est. tempo de leitura\" \/>\n\t<meta name=\"twitter:data2\" content=\"6 minutos\" \/>\n<script type=\"application\/ld+json\" class=\"yoast-schema-graph\">{\"@context\":\"https:\/\/schema.org\",\"@graph\":[{\"@type\":\"Article\",\"@id\":\"https:\/\/aureadermatologia.com.br\/home\/blog\/terapia-regenerativa\/#article\",\"isPartOf\":{\"@id\":\"https:\/\/aureadermatologia.com.br\/home\/blog\/terapia-regenerativa\/\"},\"author\":{\"name\":\"Mauricio\",\"@id\":\"https:\/\/aureadermatologia.com.br\/home\/#\/schema\/person\/83d4b65cfc0899811841228051f40866\"},\"headline\":\"Terapia regenerativa: conhe\u00e7a o tratamento e seus benef\u00edcios\",\"datePublished\":\"2026-09-03T11:00:43+00:00\",\"dateModified\":\"2026-08-14T13:10:55+00:00\",\"mainEntityOfPage\":{\"@id\":\"https:\/\/aureadermatologia.com.br\/home\/blog\/terapia-regenerativa\/\"},\"wordCount\":1095,\"commentCount\":0,\"publisher\":{\"@id\":\"https:\/\/aureadermatologia.com.br\/home\/#organization\"},\"image\":{\"@id\":\"https:\/\/aureadermatologia.com.br\/home\/blog\/terapia-regenerativa\/#primaryimage\"},\"thumbnailUrl\":\"https:\/\/aureadermatologia.com.br\/home\/wp-content\/uploads\/2026\/08\/AUREA-HEADER-BLOG-Texto-3-Conheca-tudo-sobre-terapia-regenerativa-2.png\",\"articleSection\":[\"Beauty\"],\"inLanguage\":\"pt-BR\",\"potentialAction\":[{\"@type\":\"CommentAction\",\"name\":\"Comment\",\"target\":[\"https:\/\/aureadermatologia.com.br\/home\/blog\/terapia-regenerativa\/#respond\"]}]},{\"@type\":\"WebPage\",\"@id\":\"https:\/\/aureadermatologia.com.br\/home\/blog\/terapia-regenerativa\/\",\"url\":\"https:\/\/aureadermatologia.com.br\/home\/blog\/terapia-regenerativa\/\",\"name\":\"Terapia regenerativa: conhe\u00e7a o tratamento e seus benef\u00edcios\",\"isPartOf\":{\"@id\":\"https:\/\/aureadermatologia.com.br\/home\/#website\"},\"primaryImageOfPage\":{\"@id\":\"https:\/\/aureadermatologia.com.br\/home\/blog\/terapia-regenerativa\/#primaryimage\"},\"image\":{\"@id\":\"https:\/\/aureadermatologia.com.br\/home\/blog\/terapia-regenerativa\/#primaryimage\"},\"thumbnailUrl\":\"https:\/\/aureadermatologia.com.br\/home\/wp-content\/uploads\/2026\/08\/AUREA-HEADER-BLOG-Texto-3-Conheca-tudo-sobre-terapia-regenerativa-2.png\",\"datePublished\":\"2026-09-03T11:00:43+00:00\",\"dateModified\":\"2026-08-14T13:10:55+00:00\",\"description\":\"A terapia regenerativa estimula a produ\u00e7\u00e3o de col\u00e1geno, elastina e a renova\u00e7\u00e3o celular.\",\"breadcrumb\":{\"@id\":\"https:\/\/aureadermatologia.com.br\/home\/blog\/terapia-regenerativa\/#breadcrumb\"},\"inLanguage\":\"pt-BR\",\"potentialAction\":[{\"@type\":\"ReadAction\",\"target\":[\"https:\/\/aureadermatologia.com.br\/home\/blog\/terapia-regenerativa\/\"]}]},{\"@type\":\"ImageObject\",\"inLanguage\":\"pt-BR\",\"@id\":\"https:\/\/aureadermatologia.com.br\/home\/blog\/terapia-regenerativa\/#primaryimage\",\"url\":\"https:\/\/aureadermatologia.com.br\/home\/wp-content\/uploads\/2026\/08\/AUREA-HEADER-BLOG-Texto-3-Conheca-tudo-sobre-terapia-regenerativa-2.png\",\"contentUrl\":\"https:\/\/aureadermatologia.com.br\/home\/wp-content\/uploads\/2026\/08\/AUREA-HEADER-BLOG-Texto-3-Conheca-tudo-sobre-terapia-regenerativa-2.png\",\"width\":1920,\"height\":712,\"caption\":\"Terapia regenerativa: conhe\u00e7a o tratamento e seus benef\u00edcios\"},{\"@type\":\"BreadcrumbList\",\"@id\":\"https:\/\/aureadermatologia.com.br\/home\/blog\/terapia-regenerativa\/#breadcrumb\",\"itemListElement\":[{\"@type\":\"ListItem\",\"position\":1,\"name\":\"In\u00edcio\",\"item\":\"https:\/\/aureadermatologia.com.br\/home\/\"},{\"@type\":\"ListItem\",\"position\":2,\"name\":\"Terapia regenerativa: conhe\u00e7a o tratamento e seus benef\u00edcios\"}]},{\"@type\":\"WebSite\",\"@id\":\"https:\/\/aureadermatologia.com.br\/home\/#website\",\"url\":\"https:\/\/aureadermatologia.com.br\/home\/\",\"name\":\"Aurea Dermatologia Integrada\",\"description\":\"Uma Cl\u00ednica de dermatologia que tamb\u00e9m \u00e9 uma galeria de arte.  Dermatologistas de excel\u00eancia. As melhores t\u00e9cnicas e produtos de qualidade  para tratamentos personalizados e resultados naturais.\",\"publisher\":{\"@id\":\"https:\/\/aureadermatologia.com.br\/home\/#organization\"},\"potentialAction\":[{\"@type\":\"SearchAction\",\"target\":{\"@type\":\"EntryPoint\",\"urlTemplate\":\"https:\/\/aureadermatologia.com.br\/home\/?s={search_term_string}\"},\"query-input\":\"required name=search_term_string\"}],\"inLanguage\":\"pt-BR\"},{\"@type\":\"Organization\",\"@id\":\"https:\/\/aureadermatologia.com.br\/home\/#organization\",\"name\":\"Aurea Dermatologia Integrada\",\"url\":\"https:\/\/aureadermatologia.com.br\/home\/\",\"logo\":{\"@type\":\"ImageObject\",\"inLanguage\":\"pt-BR\",\"@id\":\"https:\/\/aureadermatologia.com.br\/home\/#\/schema\/logo\/image\/\",\"url\":\"https:\/\/aureadermatologia.com.br\/home\/wp-content\/uploads\/2022\/11\/Marca-Aurea-Dermo-03.png\",\"contentUrl\":\"https:\/\/aureadermatologia.com.br\/home\/wp-content\/uploads\/2022\/11\/Marca-Aurea-Dermo-03.png\",\"width\":3509,\"height\":2481,\"caption\":\"Aurea Dermatologia Integrada\"},\"image\":{\"@id\":\"https:\/\/aureadermatologia.com.br\/home\/#\/schema\/logo\/image\/\"},\"sameAs\":[\"https:\/\/www.facebook.com\/aurea.dermatologia\/\",\"https:\/\/www.instagram.com\/aurea.dermatologia\/\",\"https:\/\/www.youtube.com\/@aurea.dermatologia\/\"]},{\"@type\":\"Person\",\"@id\":\"https:\/\/aureadermatologia.com.br\/home\/#\/schema\/person\/83d4b65cfc0899811841228051f40866\",\"name\":\"Mauricio\",\"image\":{\"@type\":\"ImageObject\",\"inLanguage\":\"pt-BR\",\"@id\":\"https:\/\/aureadermatologia.com.br\/home\/#\/schema\/person\/image\/\",\"url\":\"https:\/\/secure.gravatar.com\/avatar\/a627a053113289aaa3c0a5399d9f4c7fc4ca4898f8f2fc6b5f11cd214e6d998e?s=96&d=mm&r=g\",\"contentUrl\":\"https:\/\/secure.gravatar.com\/avatar\/a627a053113289aaa3c0a5399d9f4c7fc4ca4898f8f2fc6b5f11cd214e6d998e?s=96&d=mm&r=g\",\"caption\":\"Mauricio\"},\"url\":\"https:\/\/aureadermatologia.com.br\/home\/blog\/author\/mauricio\/\"}]}<\/script>\n<!-- \/ Yoast SEO plugin. -->","yoast_head_json":{"title":"Terapia regenerativa: conhe\u00e7a o tratamento e seus benef\u00edcios","description":"A terapia regenerativa estimula a produ\u00e7\u00e3o de col\u00e1geno, elastina e a renova\u00e7\u00e3o celular.","robots":{"index":"index","follow":"follow","max-snippet":"max-snippet:-1","max-image-preview":"max-image-preview:large","max-video-preview":"max-video-preview:-1"},"canonical":"https:\/\/aureadermatologia.com.br\/home\/blog\/terapia-regenerativa\/","og_locale":"pt_BR","og_type":"article","og_title":"Terapia regenerativa: conhe\u00e7a o tratamento e seus benef\u00edcios","og_description":"A terapia regenerativa estimula a produ\u00e7\u00e3o de col\u00e1geno, elastina e a renova\u00e7\u00e3o celular.","og_url":"https:\/\/aureadermatologia.com.br\/home\/blog\/terapia-regenerativa\/","og_site_name":"Aurea Dermatologia Integrada","article_publisher":"https:\/\/www.facebook.com\/aurea.dermatologia\/","article_published_time":"2026-09-03T11:00:43+00:00","article_modified_time":"2026-08-14T13:10:55+00:00","og_image":[{"width":1920,"height":712,"url":"https:\/\/aureadermatologia.com.br\/home\/wp-content\/uploads\/2026\/08\/AUREA-HEADER-BLOG-Texto-3-Conheca-tudo-sobre-terapia-regenerativa-2.png","type":"image\/png"}],"author":"Mauricio","twitter_card":"summary_large_image","twitter_misc":{"Escrito por":"Mauricio","Est. tempo de leitura":"6 minutos"},"schema":{"@context":"https:\/\/schema.org","@graph":[{"@type":"Article","@id":"https:\/\/aureadermatologia.com.br\/home\/blog\/terapia-regenerativa\/#article","isPartOf":{"@id":"https:\/\/aureadermatologia.com.br\/home\/blog\/terapia-regenerativa\/"},"author":{"name":"Mauricio","@id":"https:\/\/aureadermatologia.com.br\/home\/#\/schema\/person\/83d4b65cfc0899811841228051f40866"},"headline":"Terapia regenerativa: conhe\u00e7a o tratamento e seus benef\u00edcios","datePublished":"2026-09-03T11:00:43+00:00","dateModified":"2026-08-14T13:10:55+00:00","mainEntityOfPage":{"@id":"https:\/\/aureadermatologia.com.br\/home\/blog\/terapia-regenerativa\/"},"wordCount":1095,"commentCount":0,"publisher":{"@id":"https:\/\/aureadermatologia.com.br\/home\/#organization"},"image":{"@id":"https:\/\/aureadermatologia.com.br\/home\/blog\/terapia-regenerativa\/#primaryimage"},"thumbnailUrl":"https:\/\/aureadermatologia.com.br\/home\/wp-content\/uploads\/2026\/08\/AUREA-HEADER-BLOG-Texto-3-Conheca-tudo-sobre-terapia-regenerativa-2.png","articleSection":["Beauty"],"inLanguage":"pt-BR","potentialAction":[{"@type":"CommentAction","name":"Comment","target":["https:\/\/aureadermatologia.com.br\/home\/blog\/terapia-regenerativa\/#respond"]}]},{"@type":"WebPage","@id":"https:\/\/aureadermatologia.com.br\/home\/blog\/terapia-regenerativa\/","url":"https:\/\/aureadermatologia.com.br\/home\/blog\/terapia-regenerativa\/","name":"Terapia regenerativa: conhe\u00e7a o tratamento e seus benef\u00edcios","isPartOf":{"@id":"https:\/\/aureadermatologia.com.br\/home\/#website"},"primaryImageOfPage":{"@id":"https:\/\/aureadermatologia.com.br\/home\/blog\/terapia-regenerativa\/#primaryimage"},"image":{"@id":"https:\/\/aureadermatologia.com.br\/home\/blog\/terapia-regenerativa\/#primaryimage"},"thumbnailUrl":"https:\/\/aureadermatologia.com.br\/home\/wp-content\/uploads\/2026\/08\/AUREA-HEADER-BLOG-Texto-3-Conheca-tudo-sobre-terapia-regenerativa-2.png","datePublished":"2026-09-03T11:00:43+00:00","dateModified":"2026-08-14T13:10:55+00:00","description":"A terapia regenerativa estimula a produ\u00e7\u00e3o de col\u00e1geno, elastina e a renova\u00e7\u00e3o celular.","breadcrumb":{"@id":"https:\/\/aureadermatologia.com.br\/home\/blog\/terapia-regenerativa\/#breadcrumb"},"inLanguage":"pt-BR","potentialAction":[{"@type":"ReadAction","target":["https:\/\/aureadermatologia.com.br\/home\/blog\/terapia-regenerativa\/"]}]},{"@type":"ImageObject","inLanguage":"pt-BR","@id":"https:\/\/aureadermatologia.com.br\/home\/blog\/terapia-regenerativa\/#primaryimage","url":"https:\/\/aureadermatologia.com.br\/home\/wp-content\/uploads\/2026\/08\/AUREA-HEADER-BLOG-Texto-3-Conheca-tudo-sobre-terapia-regenerativa-2.png","contentUrl":"https:\/\/aureadermatologia.com.br\/home\/wp-content\/uploads\/2026\/08\/AUREA-HEADER-BLOG-Texto-3-Conheca-tudo-sobre-terapia-regenerativa-2.png","width":1920,"height":712,"caption":"Terapia regenerativa: conhe\u00e7a o tratamento e seus benef\u00edcios"},{"@type":"BreadcrumbList","@id":"https:\/\/aureadermatologia.com.br\/home\/blog\/terapia-regenerativa\/#breadcrumb","itemListElement":[{"@type":"ListItem","position":1,"name":"In\u00edcio","item":"https:\/\/aureadermatologia.com.br\/home\/"},{"@type":"ListItem","position":2,"name":"Terapia regenerativa: conhe\u00e7a o tratamento e seus benef\u00edcios"}]},{"@type":"WebSite","@id":"https:\/\/aureadermatologia.com.br\/home\/#website","url":"https:\/\/aureadermatologia.com.br\/home\/","name":"Aurea Dermatologia Integrada","description":"Uma Cl\u00ednica de dermatologia que tamb\u00e9m \u00e9 uma galeria de arte.  Dermatologistas de excel\u00eancia. As melhores t\u00e9cnicas e produtos de qualidade  para tratamentos personalizados e resultados naturais.","publisher":{"@id":"https:\/\/aureadermatologia.com.br\/home\/#organization"},"potentialAction":[{"@type":"SearchAction","target":{"@type":"EntryPoint","urlTemplate":"https:\/\/aureadermatologia.com.br\/home\/?s={search_term_string}"},"query-input":"required name=search_term_string"}],"inLanguage":"pt-BR"},{"@type":"Organization","@id":"https:\/\/aureadermatologia.com.br\/home\/#organization","name":"Aurea Dermatologia Integrada","url":"https:\/\/aureadermatologia.com.br\/home\/","logo":{"@type":"ImageObject","inLanguage":"pt-BR","@id":"https:\/\/aureadermatologia.com.br\/home\/#\/schema\/logo\/image\/","url":"https:\/\/aureadermatologia.com.br\/home\/wp-content\/uploads\/2022\/11\/Marca-Aurea-Dermo-03.png","contentUrl":"https:\/\/aureadermatologia.com.br\/home\/wp-content\/uploads\/2022\/11\/Marca-Aurea-Dermo-03.png","width":3509,"height":2481,"caption":"Aurea Dermatologia Integrada"},"image":{"@id":"https:\/\/aureadermatologia.com.br\/home\/#\/schema\/logo\/image\/"},"sameAs":["https:\/\/www.facebook.com\/aurea.dermatologia\/","https:\/\/www.instagram.com\/aurea.dermatologia\/","https:\/\/www.youtube.com\/@aurea.dermatologia\/"]},{"@type":"Person","@id":"https:\/\/aureadermatologia.com.br\/home\/#\/schema\/person\/83d4b65cfc0899811841228051f40866","name":"Mauricio","image":{"@type":"ImageObject","inLanguage":"pt-BR","@id":"https:\/\/aureadermatologia.com.br\/home\/#\/schema\/person\/image\/","url":"https:\/\/secure.gravatar.com\/avatar\/a627a053113289aaa3c0a5399d9f4c7fc4ca4898f8f2fc6b5f11cd214e6d998e?s=96&d=mm&r=g","contentUrl":"https:\/\/secure.gravatar.com\/avatar\/a627a053113289aaa3c0a5399d9f4c7fc4ca4898f8f2fc6b5f11cd214e6d998e?s=96&d=mm&r=g","caption":"Mauricio"},"url":"https:\/\/aureadermatologia.com.br\/home\/blog\/author\/mauricio\/"}]}},"_links":{"self":[{"href":"https:\/\/aureadermatologia.com.br\/home\/wp-json\/wp\/v2\/posts\/6409","targetHints":{"allow":["GET"]}}],"collection":[{"href":"https:\/\/aureadermatologia.com.br\/home\/wp-json\/wp\/v2\/posts"}],"about":[{"href":"https:\/\/aureadermatologia.com.br\/home\/wp-json\/wp\/v2\/types\/post"}],"author":[{"embeddable":true,"href":"https:\/\/aureadermatologia.com.br\/home\/wp-json\/wp\/v2\/users\/11"}],"replies":[{"embeddable":true,"href":"https:\/\/aureadermatologia.com.br\/home\/wp-json\/wp\/v2\/comments?post=6409"}],"version-history":[{"count":1,"href":"https:\/\/aureadermatologia.com.br\/home\/wp-json\/wp\/v2\/posts\/6409\/revisions"}],"predecessor-version":[{"id":6412,"href":"https:\/\/aureadermatologia.com.br\/home\/wp-json\/wp\/v2\/posts\/6409\/revisions\/6412"}],"wp:featuredmedia":[{"embeddable":true,"href":"https:\/\/aureadermatologia.com.br\/home\/wp-json\/wp\/v2\/media\/6410"}],"wp:attachment":[{"href":"https:\/\/aureadermatologia.com.br\/home\/wp-json\/wp\/v2\/media?parent=6409"}],"wp:term":[{"taxonomy":"category","embeddable":true,"href":"https:\/\/aureadermatologia.com.br\/home\/wp-json\/wp\/v2\/categories?post=6409"},{"taxonomy":"post_tag","embeddable":true,"href":"https:\/\/aureadermatologia.com.br\/home\/wp-json\/wp\/v2\/tags?post=6409"}],"curies":[{"name":"wp","href":"https:\/\/api.w.org\/{rel}","templated":true}]}}